{"id":35281,"date":"2026-03-11T16:09:03","date_gmt":"2026-03-11T16:09:03","guid":{"rendered":"https:\/\/www.domitur.pt\/os-jardins-verticais-do-douro\/"},"modified":"2026-03-30T16:36:33","modified_gmt":"2026-03-30T16:36:33","slug":"os-jardins-verticais-do-douro","status":"publish","type":"post","link":"https:\/\/www.domitur.pt\/pt-pt\/os-jardins-verticais-do-douro\/","title":{"rendered":"Os jardins verticais do Douro"},"content":{"rendered":"\n<div class=\"wp-block-kobu-custom-blocks-responsive-spacer responsive-spacer size-custom\" data-small=\"40\" data-medium=\"120\" data-large=\"120\" style=\"height:120px\"><\/div><br>\n\n<p>No norte de Portugal, a paisagem n\u00e3o se limita a convidar\u2011lo; exige a sua aten\u00e7\u00e3o. O Vale do Douro, a mais antiga regi\u00e3o vin\u00edcola regulamentada do mundo e Patrim\u00f3nio Mundial da UNESCO, \u00e9 um testemunho da determina\u00e7\u00e3o humana e da busca pela excel\u00eancia. Para o profissional de viagens, recomendar o Douro n\u00e3o \u00e9 apenas sugerir um destino \u2014 \u00e9 proporcionar um encontro com uma obra-prima viva.<\/p>\n\n<p>Na Domitur, vemos o Douro como um \u201csantu\u00e1rio vertical\u201d, onde as vinhas se agarram a encostas de xisto t\u00e3o \u00edngremes que parecem desafiar a gravidade.<\/p>\n\n<div class=\"wp-block-kobu-custom-blocks-responsive-spacer responsive-spacer size-medium\"><\/div><br>\n\n<h2 class=\"wp-block-heading has-medium-large-font-size\">O DNA do Vale: As Nossas Castas<\/h2>\n\n<p>Para se apaixonar verdadeiramente pelo Douro, \u00e9 preciso compreender as suas \u201cCastas\u201d (variedades de uva). Ao contr\u00e1rio de muitas regi\u00f5es que dependem de uvas internacionais, a alma do Douro assenta em variedades ind\u00edgenas que se adaptaram aos \u201cver\u00f5es infernais\u201d e aos \u201cinvernos gelados\u201d do vale.<\/p>\n\n<div class=\"wp-block-kobu-custom-blocks-responsive-spacer responsive-spacer size-custom\" data-small=\"40\" data-medium=\"120\" data-large=\"120\" style=\"height:120px\"><\/div><br>\n<noscript class=\"loading-lazy\">\n<figure class=\"wp-block-image alignwide size-large\"><img loading=\"lazy\" decoding=\"async\" width=\"1024\" height=\"640\" src=\"https:\/\/www.domitur.pt\/files\/uploads\/2026\/02\/blog-02-1024x640.webp\" alt=\"\" class=\"wp-image-478\" srcset=\"https:\/\/www.domitur.pt\/files\/uploads\/2026\/02\/blog-02-1024x640.webp 1024w, https:\/\/www.domitur.pt\/files\/uploads\/2026\/02\/blog-02-300x188.webp 300w, https:\/\/www.domitur.pt\/files\/uploads\/2026\/02\/blog-02-768x480.webp 768w, https:\/\/www.domitur.pt\/files\/uploads\/2026\/02\/blog-02-1536x960.webp 1536w, https:\/\/www.domitur.pt\/files\/uploads\/2026\/02\/blog-02.webp 1696w\" sizes=\"auto, (max-width: 1024px) 100vw, 1024px\" \/><\/figure>\n<\/noscript>\n<div class=\"wp-block-kobu-custom-blocks-responsive-spacer responsive-spacer size-custom\" data-small=\"40\" data-medium=\"120\" data-large=\"120\" style=\"height:120px\"><\/div><br>\n\n<h2 class=\"wp-block-heading has-medium-large-font-size\">Os Tintos Nobres<\/h2>\n\n<p>Touriga Nacional: Frequentemente chamada de \u201cRainha\u201d das uvas portuguesas. \u00c9 a base dos melhores Vinhos do Porto e tintos secos, oferecendo cor intensa e aromas profundos de violeta e bergamota.<\/p>\n\n<p><div class=\"flex flex-col text-sm\"><article class=\"text-token-text-primary w-full focus:outline-none [--shadow-height:45px] has-data-writing-block:pointer-events-none has-data-writing-block:-mt-(--shadow-height) has-data-writing-block:pt-(--shadow-height) [&amp;:has([data-writing-block])&gt;*]:pointer-events-auto scroll-mt-[calc(var(--header-height)+min(200px,max(70px,20svh)))]\" dir=\"auto\" tabindex=\"-1\" data-turn-id=\"request-69b05427-fc98-8329-a8d6-bf16891b2aad-86\" data-testid=\"conversation-turn-182\" data-scroll-anchor=\"true\" data-turn=\"assistant\">&#13;\n<div class=\"text-base my-auto mx-auto pb-10 [--thread-content-margin:var(--thread-content-margin-xs,calc(var(--spacing)*4))] @w-sm\/main:[--thread-content-margin:var(--thread-content-margin-sm,calc(var(--spacing)*6))] @w-lg\/main:[--thread-content-margin:var(--thread-content-margin-lg,calc(var(--spacing)*16))] px-(--thread-content-margin)\">&#13;\n<div class=\"[--thread-content-max-width:40rem] @w-lg\/main:[--thread-content-max-width:48rem] mx-auto max-w-(--thread-content-max-width) flex-1 group\/turn-messages focus-visible:outline-hidden relative flex w-full min-w-0 flex-col agent-turn\" tabindex=\"-1\">&#13;\n<div class=\"flex max-w-full flex-col gap-4 grow\">&#13;\n<div class=\"min-h-8 text-message relative flex w-full flex-col items-end gap-2 text-start break-words whitespace-normal [.text-message+&amp;]:mt-1\" dir=\"auto\" data-message-author-role=\"assistant\" data-message-id=\"e82fe41a-914a-4147-b50d-991d9117ba6d\" data-message-model-slug=\"gpt-5-mini\">&#13;\n<div class=\"flex w-full flex-col gap-1 empty:hidden\">&#13;\n<div class=\"markdown prose dark:prose-invert w-full wrap-break-word dark markdown-new-styling\">&#13;\n<p data-start=\"0\" data-end=\"113\" data-is-last-node=\"\" data-is-only-node=\"\"><strong data-start=\"0\" data-end=\"113\" data-is-last-node=\"\" data-is-only-node=\"\">Touriga Franca: <\/strong>A variedade mais plantada. Confere eleg\u00e2ncia, notas florais e uma textura aveludada ao blend.<\/p>&#13;\n&#13;\n<\/div><br\/><\/div><br\/><\/div><br\/><\/div><br\/><\/div><br\/><\/div><br\/><\/article><\/div><\/p>\n\n<p><p data-path-to-node=\"1\"><b class=\"\" data-path-to-node=\"1\" data-index-in-node=\"0\">Tinta Roriz: <\/b>Conhecida noutras paragens como Tempranillo, desenvolve aqui um car\u00e1ter especiado \u00fanico e taninos firmes que conferem longevidade ao vinho.<\/p><\/p>\n\n<div class=\"wp-block-kobu-custom-blocks-responsive-spacer responsive-spacer size-medium\"><\/div><br>\n\n<h2 class=\"wp-block-heading has-medium-large-font-size\">Os Brancos Luminosos<\/h2>\n\n<p>O Douro j\u00e1 n\u00e3o \u00e9 apenas para os amantes de vinho tinto. Vinhas de altitude produzem agora brancos de classe mundial utilizando:<\/p>\n\n<p><p class=\"first-token\" data-path-to-node=\"0\"><b class=\"\" data-path-to-node=\"0\" data-index-in-node=\"0\">Viosinho: <\/b>Para estrutura e uma frescura floral &#8220;ao estilo Sauvignon&#8221;.<\/p><\/p>\n\n<p><p class=\"first-token\" data-path-to-node=\"0\"><b class=\"\" data-path-to-node=\"0\" data-index-in-node=\"0\">Rabigato: <\/b>Conhecida como &#8220;Rabo de Gato&#8221;, aporta uma mineralidade e acidez cortantes que fazem o vinho dan\u00e7ar no palato.<\/p><\/p>\n\n<p><p class=\"first-token\" data-path-to-node=\"0\"><b class=\"\" data-path-to-node=\"0\" data-index-in-node=\"0\">Gouveio: <\/b>Adiciona um toque de citrinos melados e um potencial de envelhecimento incr\u00edvel.<\/p><\/p>\n\n<p><p class=\"first-token\" data-path-to-node=\"0\"><b class=\"\" data-path-to-node=\"0\" data-index-in-node=\"0\">A Tradi\u00e7\u00e3o do <i data-path-to-node=\"0\" data-index-in-node=\"14\">Field Blend<\/i>: <\/b>Em muitas das vinhas mais antigas que visitamos, n\u00e3o encontrar\u00e1 apenas uma casta. Encontrar\u00e1 um &#8220;<i data-path-to-node=\"0\" data-index-in-node=\"124\">Field Blend<\/i>&#8221; \u2014 onde dezenas de diferentes variedades foram plantadas em conjunto h\u00e1 mais de 80 anos, criando uma hist\u00f3ria l\u00edquida complexa e insubstitu\u00edvel em cada garrafa.<\/p><\/p>\n\n<div class=\"wp-block-kobu-custom-blocks-responsive-spacer responsive-spacer size-medium\"><\/div><br>\n\n<h2 class=\"wp-block-heading has-medium-large-font-size\">A Arquitetura da Alma<\/h2>\n\n<p>A verticalidade do Douro organiza-se em tr\u00eas estilos distintos de socalcos que os seus clientes ir\u00e3o observar ao atravessar o vale:<\/p>\n\n<p>Socalcos: Terra\u00e7os antigos de muros de pedra constru\u00eddos \u00e0 m\u00e3o \u2014 estreitos e mergulhados em hist\u00f3ria.<\/p>\n\n<p>Patamares: Plataformas modernas que serpenteiam elegantemente os contornos da montanha.<\/p>\n\n<p>Vinha ao Alto: Linhas verticais que sobem diretamente a encosta, otimizando a exposi\u00e7\u00e3o solar para obter os sabores mais intensos.<\/p>\n\n<div class=\"wp-block-kobu-custom-blocks-responsive-spacer responsive-spacer size-medium\"><\/div><br>\n\n<h2 class=\"wp-block-heading has-medium-large-font-size\">Para al\u00e9m do Copo: A Experi\u00eancia da &#8220;Quinta&#8221;<\/h2>\n\n<p>Visitar o Douro \u00e9 transpor os port\u00f5es de uma Quinta. Estes locais n\u00e3o s\u00e3o meras unidades de produ\u00e7\u00e3o; s\u00e3o casas ancestrais. Curamos experi\u00eancias que permitem aos seus clientes evitar as multid\u00f5es de turistas e entrar em salas de prova privadas, onde o vinho no copo foi cultivado no solo de xisto diretamente sob os seus p\u00e9s.<\/p>\n\n<p>Seja o entusiasmo da vindima em setembro ou a majestade serena das amendoeiras em flor na primavera, o Douro \u00e9 uma li\u00e7\u00e3o constante sobre o que \u00e9 o &#8220;encontro com Portugal&#8221;.<\/p>\n\n<div class=\"wp-block-kobu-custom-blocks-responsive-spacer responsive-spacer size-large\"><\/div><br>\n","protected":false},"excerpt":{"rendered":"<p>No norte de Portugal, a paisagem n\u00e3o se limita a convidar\u2011lo; exige a sua aten\u00e7\u00e3o. O Vale do Douro, a mais antiga regi\u00e3o vin\u00edcola regulamentada [&hellip;]<\/p>\n","protected":false},"author":1,"featured_media":35678,"comment_status":"closed","ping_status":"open","sticky":false,"template":"","format":"standard","meta":{"_acf_changed":false,"inline_featured_image":false,"footnotes":""},"categories":[47],"tags":[],"content_type":[24],"business_area":[23],"class_list":["post-35281","post","type-post","status-publish","format-standard","has-post-thumbnail","hentry","category-viajar-para-portugal","content_type-artigo","business_area-wine-tours"],"acf":[],"_links":{"self":[{"href":"https:\/\/www.domitur.pt\/pt-pt\/wp-json\/wp\/v2\/posts\/35281","targetHints":{"allow":["GET"]}}],"collection":[{"href":"https:\/\/www.domitur.pt\/pt-pt\/wp-json\/wp\/v2\/posts"}],"about":[{"href":"https:\/\/www.domitur.pt\/pt-pt\/wp-json\/wp\/v2\/types\/post"}],"author":[{"embeddable":true,"href":"https:\/\/www.domitur.pt\/pt-pt\/wp-json\/wp\/v2\/users\/1"}],"replies":[{"embeddable":true,"href":"https:\/\/www.domitur.pt\/pt-pt\/wp-json\/wp\/v2\/comments?post=35281"}],"version-history":[{"count":2,"href":"https:\/\/www.domitur.pt\/pt-pt\/wp-json\/wp\/v2\/posts\/35281\/revisions"}],"predecessor-version":[{"id":35392,"href":"https:\/\/www.domitur.pt\/pt-pt\/wp-json\/wp\/v2\/posts\/35281\/revisions\/35392"}],"wp:featuredmedia":[{"embeddable":true,"href":"https:\/\/www.domitur.pt\/pt-pt\/wp-json\/wp\/v2\/media\/35678"}],"wp:attachment":[{"href":"https:\/\/www.domitur.pt\/pt-pt\/wp-json\/wp\/v2\/media?parent=35281"}],"wp:term":[{"taxonomy":"category","embeddable":true,"href":"https:\/\/www.domitur.pt\/pt-pt\/wp-json\/wp\/v2\/categories?post=35281"},{"taxonomy":"post_tag","embeddable":true,"href":"https:\/\/www.domitur.pt\/pt-pt\/wp-json\/wp\/v2\/tags?post=35281"},{"taxonomy":"content_type","embeddable":true,"href":"https:\/\/www.domitur.pt\/pt-pt\/wp-json\/wp\/v2\/content_type?post=35281"},{"taxonomy":"business_area","embeddable":true,"href":"https:\/\/www.domitur.pt\/pt-pt\/wp-json\/wp\/v2\/business_area?post=35281"}],"curies":[{"name":"wp","href":"https:\/\/api.w.org\/{rel}","templated":true}]}}