{"id":35274,"date":"2026-03-11T15:31:52","date_gmt":"2026-03-11T15:31:52","guid":{"rendered":"https:\/\/www.domitur.pt\/o-portugal-que-nunca-vai-esquecer\/"},"modified":"2026-03-30T16:35:42","modified_gmt":"2026-03-30T16:35:42","slug":"o-portugal-que-nunca-vai-esquecer","status":"publish","type":"post","link":"https:\/\/www.domitur.pt\/pt-pt\/o-portugal-que-nunca-vai-esquecer\/","title":{"rendered":"O Portugal que nunca vai esquecer"},"content":{"rendered":"\n<div class=\"wp-block-kobu-custom-blocks-responsive-spacer responsive-spacer size-custom\" data-small=\"40\" data-medium=\"120\" data-large=\"120\" style=\"height:120px\"><\/div><br>\n\n<p>Portugal \u00e9 um pa\u00eds que compreende a arte de receber. Oferece uma rara combina\u00e7\u00e3o de sofistica\u00e7\u00e3o e alma \u2014 um lugar onde viajar com requinte n\u00e3o \u00e9 definido pelo excesso, mas pela profundidade, beleza e encontros significativos. Desde costas dram\u00e1ticas a vales ladeados por vinhas, desde cidades antigas a ref\u00fagios remotos, Portugal convida os viajantes a abrandar, saborear e conectar-se.<\/p>\n\n<p>Tudo come\u00e7a com a escolha dos destinos certos \u2014 lugares onde a eleg\u00e2ncia se sente, n\u00e3o se anuncia.<\/p>\n\n<p>Abaixo, descubra alguns dos ref\u00fagios mais inspiradores de Portugal.<\/p>\n\n<div class=\"wp-block-kobu-custom-blocks-responsive-spacer responsive-spacer size-medium\"><\/div><br>\n\n<h2 class=\"wp-block-heading has-medium-large-font-size\">Madeira: O Ref\u00fagio Intemporal do Atl\u00e2ntico<\/h2>\n\n<p>A Madeira \u00e9 uma obra-prima esculpida pela natureza. Erguendo-se do oceano como um jardim flutuante, a ilha combina fal\u00e9sias dram\u00e1ticas, florestas exuberantes e maravilhas bot\u00e2nicas com uma tradi\u00e7\u00e3o de hospitalidade que \u00e9 simultaneamente calorosa e sofisticada.<\/p>\n\n<p>Porque cativa viajantes exigentes:<\/p>\n\n<ul class=\"wp-block-list\">\n<li>Propriedades boutique com vista para o oceano<\/li>\n\n\n\n<li>Caminhadas privadas pelas levadas atrav\u00e9s das florestas de loureiros protegidas pela UNESCO<\/li>\n\n\n\n<li>Passeios de iate ao p\u00f4r do sol ao longo de fal\u00e9sias vulc\u00e2nicas<\/li>\n\n\n\n<li>Experi\u00eancias gastron\u00f3micas enraizadas nos produtos locais.<\/li>\n<\/ul>\n\n<p><\/p>\n\n<p>A Madeira \u00e9 serenidade com ritmo \u2014 um lugar onde a natureza e a eleg\u00e2ncia coexistem de forma natural.<\/p>\n\n<div class=\"wp-block-kobu-custom-blocks-responsive-spacer responsive-spacer size-custom\" data-small=\"40\" data-medium=\"120\" data-large=\"120\" style=\"height:120px\"><\/div><br>\n<noscript class=\"loading-lazy\">\n<figure class=\"wp-block-image alignwide size-large\"><img loading=\"lazy\" decoding=\"async\" width=\"1024\" height=\"640\" src=\"https:\/\/www.domitur.pt\/files\/uploads\/2026\/02\/blog-02-1024x640.webp\" alt=\"\" class=\"wp-image-478\" srcset=\"https:\/\/www.domitur.pt\/files\/uploads\/2026\/02\/blog-02-1024x640.webp 1024w, https:\/\/www.domitur.pt\/files\/uploads\/2026\/02\/blog-02-300x188.webp 300w, https:\/\/www.domitur.pt\/files\/uploads\/2026\/02\/blog-02-768x480.webp 768w, https:\/\/www.domitur.pt\/files\/uploads\/2026\/02\/blog-02-1536x960.webp 1536w, https:\/\/www.domitur.pt\/files\/uploads\/2026\/02\/blog-02.webp 1696w\" sizes=\"auto, (max-width: 1024px) 100vw, 1024px\" \/><\/figure>\n<\/noscript>\n<div class=\"wp-block-kobu-custom-blocks-responsive-spacer responsive-spacer size-custom\" data-small=\"40\" data-medium=\"120\" data-large=\"120\" style=\"height:120px\"><\/div><br>\n\n<h2 class=\"wp-block-heading has-medium-large-font-size\">Vale do Douro: Um Rio Esculpido pelo Tempo e pela Tradi\u00e7\u00e3o<\/h2>\n\n<p>Poucas paisagens no mundo s\u00e3o t\u00e3o cinematogr\u00e1ficas quanto o Vale do Douro. Vinhas em socalcos descem at\u00e9 ao rio, quintas hist\u00f3ricas sussurram hist\u00f3rias de s\u00e9culos passados, e o ritmo da vida acompanha as esta\u00e7\u00f5es da vinha.<\/p>\n\n<p><strong data-start=\"0\" data-end=\"33\" data-is-last-node=\"\" data-is-only-node=\"\">O que o torna extraordin\u00e1rio:<\/strong><\/p>\n\n<ul class=\"wp-block-list\">\n<li>Quintas vin\u00edcolas que oferecem degusta\u00e7\u00f5es privadas e piqueniques nas vinhas<\/li>\n\n\n\n<li>Cruzeiros pelo rio a bordo de rabelos tradicionais ou iates modernos<\/li>\n\n\n\n<li>Rituais de spa com vista para o vale<\/li>\n\n\n\n<li>Joias arquitet\u00f3nicas que combinam patrim\u00f3nio com design contempor\u00e2neo.<\/li>\n<\/ul>\n\n<p><\/p>\n\n<p>O Douro \u00e9 o convite de Portugal para uma vida mais tranquila \u2014 um lugar onde o requinte se expressa atrav\u00e9s da simplicidade, autenticidade e beleza deslumbrante.<\/p>\n\n<div class=\"wp-block-kobu-custom-blocks-responsive-spacer responsive-spacer size-medium\"><\/div><br>\n\n<h2 class=\"wp-block-heading has-medium-large-font-size\">Comporta: O Ref\u00fagio Barefoot-Chic de Portugal<\/h2>\n\n<p>A Comporta tornou-se o ref\u00fagio preferido da Europa para quem aprecia a eleg\u00e2ncia discreta. Aqui, arrozais encontram pinhais, dunas estendem-se infinitamente, e a arquitetura adota uma est\u00e9tica minimalista e natural.<\/p>\n\n<p><div class=\"flex flex-col text-sm pb-25\"><article class=\"text-token-text-primary w-full focus:outline-none [--shadow-height:45px] has-data-writing-block:pointer-events-none has-data-writing-block:-mt-(--shadow-height) has-data-writing-block:pt-(--shadow-height) [&amp;:has([data-writing-block])&gt;*]:pointer-events-auto scroll-mt-[calc(var(--header-height)+min(200px,max(70px,20svh)))]\" dir=\"auto\" tabindex=\"-1\" data-turn-id=\"request-69b05427-fc98-8329-a8d6-bf16891b2aad-22\" data-testid=\"conversation-turn-54\" data-scroll-anchor=\"true\" data-turn=\"assistant\">&#13;\n<div class=\"text-base my-auto mx-auto pb-10 [--thread-content-margin:var(--thread-content-margin-xs,calc(var(--spacing)*4))] @w-sm\/main:[--thread-content-margin:var(--thread-content-margin-sm,calc(var(--spacing)*6))] @w-lg\/main:[--thread-content-margin:var(--thread-content-margin-lg,calc(var(--spacing)*16))] px-(--thread-content-margin)\">&#13;\n<div class=\"[--thread-content-max-width:40rem] @w-lg\/main:[--thread-content-max-width:48rem] mx-auto max-w-(--thread-content-max-width) flex-1 group\/turn-messages focus-visible:outline-hidden relative flex w-full min-w-0 flex-col agent-turn\" tabindex=\"-1\">&#13;\n<div class=\"flex max-w-full flex-col gap-4 grow\">&#13;\n<div class=\"min-h-8 text-message relative flex w-full flex-col items-end gap-2 text-start break-words whitespace-normal [.text-message+&amp;]:mt-1\" dir=\"auto\" data-message-author-role=\"assistant\" data-message-id=\"0f153853-0a7e-4963-98ef-c1b060feb46f\" data-message-model-slug=\"gpt-5-mini\">&#13;\n<div class=\"flex w-full flex-col gap-1 empty:hidden\">&#13;\n<div class=\"markdown prose dark:prose-invert w-full wrap-break-word dark markdown-new-styling\">&#13;\n<p data-start=\"0\" data-end=\"37\" data-is-last-node=\"\" data-is-only-node=\"\"><strong data-start=\"0\" data-end=\"37\" data-is-last-node=\"\" data-is-only-node=\"\">Porque os viajantes se apaixonam:<\/strong><\/p>&#13;\n&#13;\n<\/div><br\/><\/div><br\/><\/div><br\/><\/div><br\/><\/div><br\/><\/div><br\/><\/article><\/div><\/p>\n\n<ul class=\"wp-block-list\">\n<li>Vilas isoladas e ref\u00fagios ao estilo cabana<\/li>\n\n\n\n<li>Passeios a cavalo por praias desertas<\/li>\n\n\n\n<li>Gastronomia \u201cfarm-to-table\u201d com um toque costeiro<\/li>\n\n\n\n<li>Um ritmo de vida definido por manh\u00e3s tranquilas e pores do sol dourados.<\/li>\n<\/ul>\n\n<p><\/p>\n\n<p>A Comporta \u00e9 a arte da simplicidade elevada \u2014 um lugar onde o luxo se traduz em sil\u00eancio, espa\u00e7o e autenticidade.<\/p>\n\n<div class=\"wp-block-kobu-custom-blocks-responsive-spacer responsive-spacer size-medium\"><\/div><br>\n\n<h2 class=\"wp-block-heading has-medium-large-font-size\">Lisboa &amp; Porto: Sofistica\u00e7\u00e3o Urbana com Alma<\/h2>\n\n<p>As duas maiores cidades de Portugal s\u00e3o vibrantes, criativas e profundamente enraizadas na hist\u00f3ria. Oferecem o equil\u00edbrio perfeito entre a energia cosmopolita e o encanto do velho mundo.<\/p>\n\n<p><strong>Lisboa<\/strong><\/p>\n\n<ul class=\"wp-block-list\">\n<li>Uma cidade de luz, miradouros e express\u00e3o art\u00edstica.<\/li>\n<\/ul>\n\n<ul class=\"wp-block-list\">\n<li>Pal\u00e1cios transformados em hot\u00e9is boutique<\/li>\n<\/ul>\n\n<ul class=\"wp-block-list\">\n<li>Terra\u00e7os panor\u00e2micos com vista para o Tejo<\/li>\n<\/ul>\n\n<ul class=\"wp-block-list\">\n<li>Noites privadas de Fado em palacetes hist\u00f3ricos<\/li>\n<\/ul>\n\n<ul class=\"wp-block-list\">\n<li>Galerias de arte contempor\u00e2nea e bairros de design.<\/li>\n<\/ul>\n\n<p><\/p>\n\n<p><strong>Porto<\/strong><\/p>\n\n<ul class=\"wp-block-list\">\n<li>Uma cidade de artesanato, cultura do vinho e beleza arquitet\u00f3nica.<\/li>\n<\/ul>\n\n<ul class=\"wp-block-list\">\n<li>Passeios \u00e0 beira-rio pelo Douro<\/li>\n<\/ul>\n\n<ul class=\"wp-block-list\">\n<li>Adegas que oferecem degusta\u00e7\u00f5es exclusivas<\/li>\n<\/ul>\n\n<ul class=\"wp-block-list\">\n<li>Gastronomia com estrelas Michelin e influ\u00eancias atl\u00e2nticas<\/li>\n<\/ul>\n\n<ul class=\"wp-block-list\">\n<li>Edif\u00edcios hist\u00f3ricos transformados em hot\u00e9is elegantes<\/li>\n<\/ul>\n\n<p><\/p>\n\n<p>Ambas as cidades oferecem experi\u00eancias requintadas sem perder a sua alma \u2014 um equil\u00edbrio que define Portugal.<\/p>\n\n<div class=\"wp-block-kobu-custom-blocks-responsive-spacer responsive-spacer size-medium\"><\/div><br>\n\n<h2 class=\"wp-block-heading has-medium-large-font-size\">Algarve: Eleg\u00e2ncia Costeira na Fronteira da Europa<\/h2>\n\n<p>O Algarve \u00e9 frequentemente celebrado pelas suas praias, mas os viajantes exigentes sabem que oferece muito mais: fal\u00e9sias dram\u00e1ticas, enseadas escondidas, resorts de classe mundial e uma cena gastron\u00f3mica moldada pelo Atl\u00e2ntico.<\/p>\n\n<p>O que distingue o Algarve:<\/p>\n\n<ul class=\"wp-block-list\">\n<li>Hot\u00e9is boutique isolados com vista para fal\u00e9sias douradas<\/li>\n<\/ul>\n\n<ul class=\"wp-block-list\">\n<li>Passeios de barco privados a grutas marinhas e praias secretas<\/li>\n<\/ul>\n\n<ul class=\"wp-block-list\">\n<li>Restaurantes premiados que destacam a heran\u00e7a mar\u00edtima da regi\u00e3o<\/li>\n<\/ul>\n\n<ul class=\"wp-block-list\">\n<li>Ref\u00fagios de bem-estar inspirados pelo oceano e pela natureza<\/li>\n<\/ul>\n\n<ul class=\"wp-block-list\">\n<li>Campos de golfe exclusivos inseridos em paisagens deslumbrantes.<\/li>\n<\/ul>\n\n<p><\/p>\n\n<p>Da beleza selvagem da costa oeste \u00e0 sofistica\u00e7\u00e3o serena do Algarve oriental, a regi\u00e3o oferece um leque de experi\u00eancias que s\u00e3o ao mesmo tempo sofisticadas e profundamente ligadas ao territ\u00f3rio.<\/p>\n\n<p>Na Domitur Travel DMC, acreditamos que viajar deve ser mais do que uma visita \u2014 deve ser uma imers\u00e3o. A seguir, convidamo-lo a descobrir destinos onde cada experi\u00eancia \u00e9 cuidadosamente preparada para quem procura beleza, autenticidade e conforto.<\/p>\n\n<div class=\"wp-block-kobu-custom-blocks-responsive-spacer responsive-spacer size-large\"><\/div><br>\n","protected":false},"excerpt":{"rendered":"<p>Portugal \u00e9 um pa\u00eds que compreende a arte de receber. Oferece uma rara combina\u00e7\u00e3o de sofistica\u00e7\u00e3o e alma \u2014 um lugar onde viajar com requinte [&hellip;]<\/p>\n","protected":false},"author":1,"featured_media":35676,"comment_status":"closed","ping_status":"open","sticky":false,"template":"","format":"standard","meta":{"_acf_changed":false,"inline_featured_image":false,"footnotes":""},"categories":[47],"tags":[],"content_type":[24],"business_area":[26],"class_list":["post-35274","post","type-post","status-publish","format-standard","has-post-thumbnail","hentry","category-viajar-para-portugal","content_type-artigo","business_area-luxury-travel"],"acf":[],"_links":{"self":[{"href":"https:\/\/www.domitur.pt\/pt-pt\/wp-json\/wp\/v2\/posts\/35274","targetHints":{"allow":["GET"]}}],"collection":[{"href":"https:\/\/www.domitur.pt\/pt-pt\/wp-json\/wp\/v2\/posts"}],"about":[{"href":"https:\/\/www.domitur.pt\/pt-pt\/wp-json\/wp\/v2\/types\/post"}],"author":[{"embeddable":true,"href":"https:\/\/www.domitur.pt\/pt-pt\/wp-json\/wp\/v2\/users\/1"}],"replies":[{"embeddable":true,"href":"https:\/\/www.domitur.pt\/pt-pt\/wp-json\/wp\/v2\/comments?post=35274"}],"version-history":[{"count":4,"href":"https:\/\/www.domitur.pt\/pt-pt\/wp-json\/wp\/v2\/posts\/35274\/revisions"}],"predecessor-version":[{"id":35677,"href":"https:\/\/www.domitur.pt\/pt-pt\/wp-json\/wp\/v2\/posts\/35274\/revisions\/35677"}],"wp:featuredmedia":[{"embeddable":true,"href":"https:\/\/www.domitur.pt\/pt-pt\/wp-json\/wp\/v2\/media\/35676"}],"wp:attachment":[{"href":"https:\/\/www.domitur.pt\/pt-pt\/wp-json\/wp\/v2\/media?parent=35274"}],"wp:term":[{"taxonomy":"category","embeddable":true,"href":"https:\/\/www.domitur.pt\/pt-pt\/wp-json\/wp\/v2\/categories?post=35274"},{"taxonomy":"post_tag","embeddable":true,"href":"https:\/\/www.domitur.pt\/pt-pt\/wp-json\/wp\/v2\/tags?post=35274"},{"taxonomy":"content_type","embeddable":true,"href":"https:\/\/www.domitur.pt\/pt-pt\/wp-json\/wp\/v2\/content_type?post=35274"},{"taxonomy":"business_area","embeddable":true,"href":"https:\/\/www.domitur.pt\/pt-pt\/wp-json\/wp\/v2\/business_area?post=35274"}],"curies":[{"name":"wp","href":"https:\/\/api.w.org\/{rel}","templated":true}]}}