{"id":35073,"date":"2019-12-24T10:16:31","date_gmt":"2019-12-24T10:16:31","guid":{"rendered":"https:\/\/www.domitur.pt\/guia-para-explorar-a-costa-vicentina-de-bicicleta\/"},"modified":"2026-04-08T09:30:51","modified_gmt":"2026-04-08T09:30:51","slug":"guia-para-explorar-a-costa-vicentina-de-bicicleta","status":"publish","type":"post","link":"https:\/\/www.domitur.pt\/pt-pt\/guia-para-explorar-a-costa-vicentina-de-bicicleta\/","title":{"rendered":"Guia para explorar a Costa Vicentina de bicicleta"},"content":{"rendered":"\n<div class=\"wp-block-kobu-custom-blocks-responsive-spacer responsive-spacer size-large\"><\/div><br>\n\n<p>O Algarve \u00e9 famoso pelas suas praias, fal\u00e9sias e pelo clima ensolarado. Existem v\u00e1rias formas de explorar esta regi\u00e3o do sul de Portugal, mas as estradas praticamente sem carros, praias, caminhos rurais e trilhos tornam-na ideal para passeios de bicicleta. H\u00e1 muitas op\u00e7\u00f5es, mas a Costa Vicentina \u00e9 sempre uma excelente escolha, pois oferece muito sol, praias deslumbrantes, paisagens incr\u00edveis, boas ondas para surf, \u00f3timo clima e excelente gastronomia.<\/p>\n\n<p><div class=\"flex flex-col text-sm pb-25\"><article class=\"text-token-text-primary w-full focus:outline-none [--shadow-height:45px] has-data-writing-block:pointer-events-none has-data-writing-block:-mt-(--shadow-height) has-data-writing-block:pt-(--shadow-height) [&amp;:has([data-writing-block])&gt;*]:pointer-events-auto scroll-mt-[calc(var(--header-height)+min(200px,max(70px,20svh)))]\" dir=\"auto\" tabindex=\"-1\" data-turn-id=\"request-WEB:468767be-9554-408f-960e-3a9ed6910cd5-127\" data-testid=\"conversation-turn-256\" data-scroll-anchor=\"true\" data-turn=\"assistant\">&#13;\n<div class=\"text-base my-auto mx-auto pb-10 [--thread-content-margin:var(--thread-content-margin-xs,calc(var(--spacing)*4))] @w-sm\/main:[--thread-content-margin:var(--thread-content-margin-sm,calc(var(--spacing)*6))] @w-lg\/main:[--thread-content-margin:var(--thread-content-margin-lg,calc(var(--spacing)*16))] px-(--thread-content-margin)\">&#13;\n<div class=\"[--thread-content-max-width:40rem] @w-lg\/main:[--thread-content-max-width:48rem] mx-auto max-w-(--thread-content-max-width) flex-1 group\/turn-messages focus-visible:outline-hidden relative flex w-full min-w-0 flex-col agent-turn\" tabindex=\"-1\">&#13;\n<div class=\"flex max-w-full flex-col gap-4 grow\">&#13;\n<div class=\"min-h-8 text-message relative flex w-full flex-col items-end gap-2 text-start break-words whitespace-normal [.text-message+&amp;]:mt-1\" dir=\"auto\" data-message-author-role=\"assistant\" data-message-id=\"3b080f3c-5182-4de3-91a4-6e08fc84839d\" data-message-model-slug=\"gpt-5-mini\">&#13;\n<div class=\"flex w-full flex-col gap-1 empty:hidden\">&#13;\n<div class=\"streaming-animation markdown prose dark:prose-invert w-full wrap-break-word dark markdown-new-styling\">&#13;\n<p data-start=\"0\" data-end=\"162\">Existem passeios de bicicleta durante todo o ano. Os ciclistas podem come\u00e7ar por explorar os trilhos mais acidentados at\u00e9 ao topo da Serra de Monchique.&#13;\nUma rota popular entre os turistas de bicicleta \u00e9 a \u201c<strong>Via Algarviana<\/strong>\u201d, que atravessa toda a regi\u00e3o at\u00e9 ao Cabo de S\u00e3o Vicente, perto de Sagres, passando pelo Parque Natural da Costa Vicentina. Esta rota segue um caminho rural sinuoso pela Serra do Caldeir\u00e3o e pela Serra de Monchique.<\/p>&#13;\n&#13;\n<\/div><br\/><\/div><br\/><\/div><br\/><\/div><br\/><\/div><br\/><\/div><br\/><\/article><\/div><\/p>\n\n<p>Para um passeio mais suave, os ciclistas podem seguir a rota costeira, desde Vila Real de Santo Ant\u00f3nio at\u00e9 Sagres. Para os praticantes de mountain bike mais experientes, \u00e9 poss\u00edvel explorar o Parque Natural da Costa Vicentina seguindo a Rota Vicentina, passando por praias menos tur\u00edsticas como Arrifana, Carrapateira e Bordeira.<\/p>\n\n<h2 class=\"wp-block-heading\">#1: Pedalar de Santiago do Cac\u00e9m para Experienciar a Cultura e o Povo da Regi\u00e3o<\/h2>\n\n<p><div class=\"flex flex-col text-sm pb-25\"><article class=\"text-token-text-primary w-full focus:outline-none [--shadow-height:45px] has-data-writing-block:pointer-events-none has-data-writing-block:-mt-(--shadow-height) has-data-writing-block:pt-(--shadow-height) [&amp;:has([data-writing-block])&gt;*]:pointer-events-auto scroll-mt-[calc(var(--header-height)+min(200px,max(70px,20svh)))]\" dir=\"auto\" tabindex=\"-1\" data-turn-id=\"request-WEB:468767be-9554-408f-960e-3a9ed6910cd5-130\" data-testid=\"conversation-turn-262\" data-scroll-anchor=\"true\" data-turn=\"assistant\">&#13;\n<div class=\"text-base my-auto mx-auto pb-10 [--thread-content-margin:var(--thread-content-margin-xs,calc(var(--spacing)*4))] @w-sm\/main:[--thread-content-margin:var(--thread-content-margin-sm,calc(var(--spacing)*6))] @w-lg\/main:[--thread-content-margin:var(--thread-content-margin-lg,calc(var(--spacing)*16))] px-(--thread-content-margin)\">&#13;\n<div class=\"[--thread-content-max-width:40rem] @w-lg\/main:[--thread-content-max-width:48rem] mx-auto max-w-(--thread-content-max-width) flex-1 group\/turn-messages focus-visible:outline-hidden relative flex w-full min-w-0 flex-col agent-turn\" tabindex=\"-1\">&#13;\n<div class=\"flex max-w-full flex-col gap-4 grow\">&#13;\n<div class=\"min-h-8 text-message relative flex w-full flex-col items-end gap-2 text-start break-words whitespace-normal [.text-message+&amp;]:mt-1\" dir=\"auto\" data-message-author-role=\"assistant\" data-message-id=\"51a437ef-b855-4ce2-bd1f-1914621b1643\" data-message-model-slug=\"gpt-5-mini\">&#13;\n<div class=\"flex w-full flex-col gap-1 empty:hidden\">&#13;\n<div class=\"markdown prose dark:prose-invert w-full wrap-break-word dark markdown-new-styling\">&#13;\n<p data-start=\"0\" data-end=\"304\">Pedalar pela Costa Vicentina permite explorar de forma imersiva a regi\u00e3o, as pessoas, a cultura, a hist\u00f3ria e tudo aquilo que torna esta \u00e1rea especial. Uma forma de viver esta experi\u00eancia \u00e9 come\u00e7ar em Santiago do Cac\u00e9m, facilmente acess\u00edvel de comboio ou autocarro desde Lisboa.&#13;\nEsta rota hist\u00f3rica recebeu a certifica\u00e7\u00e3o Leading Quality Trail pela European Ramblers Association. O percurso atravessa vilas entre sobreiros, colinas e vales, com o Atl\u00e2ntico como pano de fundo. Pode explorar o patrim\u00f3nio arquitet\u00f3nico de Santiago do Cac\u00e9m, n\u00e3o esquecendo o castelo e a Capela-M\u00e3e de S\u00e3o Pedro.<\/p>&#13;\n&#13;\n<\/div><br\/><\/div><br\/><\/div><br\/><\/div><br\/><\/div><br\/><\/div><br\/><\/article><\/div><\/p>\n\n<h2 class=\"wp-block-heading\">#2: Visitar as Ru\u00ednas de Mir\u00f3briga<\/h2>\n<noscript class=\"loading-lazy\">\n<figure class=\"wp-block-image size-large\"><img loading=\"lazy\" decoding=\"async\" width=\"1024\" height=\"655\" src=\"https:\/\/www.domitur.pt\/files\/uploads\/2019\/12\/mirobriga-1024x655.webp\" alt=\"\" class=\"wp-image-35206\" srcset=\"https:\/\/www.domitur.pt\/files\/uploads\/2019\/12\/mirobriga-1024x655.webp 1024w, https:\/\/www.domitur.pt\/files\/uploads\/2019\/12\/mirobriga-300x192.webp 300w, https:\/\/www.domitur.pt\/files\/uploads\/2019\/12\/mirobriga-768x491.webp 768w, https:\/\/www.domitur.pt\/files\/uploads\/2019\/12\/mirobriga-1536x982.webp 1536w, https:\/\/www.domitur.pt\/files\/uploads\/2019\/12\/mirobriga.webp 1920w\" sizes=\"auto, (max-width: 1024px) 100vw, 1024px\" \/><\/figure>\n<\/noscript>\n<div class=\"wp-block-kobu-custom-blocks-responsive-spacer responsive-spacer size-medium\"><\/div><br>\n\n<p><p data-start=\"0\" data-end=\"224\">Estas ru\u00ednas s\u00e3o os \u00faltimos vest\u00edgios de uma antiga cidade romana que oferecia santu\u00e1rio aos peregrinos. Para chegar aqui a partir de Santiago do Cac\u00e9m, pode seguir um roteiro circular panor\u00e2mico de 10 km.&#13;\nA partir deste ponto, pode continuar o percurso pelo Vale Seco, passando pela Barragem e Albufeira de Campilhas, e explorar a pequena vila de Cercal do Alentejo, situada entre Santiago do Cac\u00e9m e a cidade de Odemira.&#13;\nA sudoeste da vila encontra-se Vila Nova de Milfontes, uma cidade resort localizada na foz do rio Mira. Aqui poder\u00e1 visitar os restos do antigo castelo mouro, transformado em resid\u00eancia privada.&#13;\nNeste trecho do percurso, ter\u00e1 a oportunidade de experimentar a gastronomia pela qual a regi\u00e3o \u00e9 famosa, desde iguarias de carne \u00fanicas a pratos de peixe ao estilo mediterr\u00e2neo. \u00c9 imprescind\u00edvel provar as del\u00edcias locais, desde a pizza de enchidos t\u00edpica at\u00e9 ao p\u00e3o simples, mas \u00fanico e especial.<\/p><\/p>\n\n<h2 class=\"wp-block-heading\">#3: Pedalar pela Sec\u00e7\u00e3o Aqu\u00e1tica do \u201cCaminho Hist\u00f3rico\u201d<\/h2>\n<noscript class=\"loading-lazy\">\n<figure class=\"wp-block-image size-large\"><img loading=\"lazy\" decoding=\"async\" width=\"1024\" height=\"669\" src=\"https:\/\/www.domitur.pt\/files\/uploads\/2019\/12\/caminho-historico-pego-de-pias-1024x669.webp\" alt=\"\" class=\"wp-image-35208\" srcset=\"https:\/\/www.domitur.pt\/files\/uploads\/2019\/12\/caminho-historico-pego-de-pias-1024x669.webp 1024w, https:\/\/www.domitur.pt\/files\/uploads\/2019\/12\/caminho-historico-pego-de-pias-300x196.webp 300w, https:\/\/www.domitur.pt\/files\/uploads\/2019\/12\/caminho-historico-pego-de-pias-768x502.webp 768w, https:\/\/www.domitur.pt\/files\/uploads\/2019\/12\/caminho-historico-pego-de-pias-1536x1003.webp 1536w, https:\/\/www.domitur.pt\/files\/uploads\/2019\/12\/caminho-historico-pego-de-pias.webp 1920w\" sizes=\"auto, (max-width: 1024px) 100vw, 1024px\" \/><\/figure>\n<\/noscript>\n<div class=\"wp-block-kobu-custom-blocks-responsive-spacer responsive-spacer size-medium\"><\/div><br>\n\n<p>Fa\u00e7a um percurso de 46 km, desde Cercal do Alentejo at\u00e9 Odemira, atravessando as serras pelo que \u00e9 conhecido como a sec\u00e7\u00e3o aqu\u00e1tica do Caminho Hist\u00f3rico. Durante o percurso poder\u00e1 desfrutar de v\u00e1rias amenidades, mas \u00e9 absolutamente obrigat\u00f3rio visitar as piscinas naturais do Pego das Pias.<\/p>\n\n<h2 class=\"wp-block-heading\">#4: Seguir de Vila Nova de Milfontes at\u00e9 Odeceixe<\/h2>\n\n<p>Pode tamb\u00e9m fazer um percurso de 52 km desde Vila Nova de Milfontes at\u00e9 Odeceixe. Aqui poder\u00e1 desfrutar de tudo o que a deslumbrante Praia de Odeceixe tem para oferecer. \u00c9 poss\u00edvel subir at\u00e9 \u00e0s fal\u00e9sias e pedalar por estradas rurais, atravessando a reserva natural da Esteveira, com algumas das vistas mais impressionantes da regi\u00e3o. A partir daqui, pode seguir para a cidade moura de Aljezur e explorar o antigo castelo, cuja hist\u00f3ria de ocupa\u00e7\u00e3o humana remonta \u00e0 Idade do Ferro. O castelo foi erguido no auge da ocupa\u00e7\u00e3o \u00e1rabe, no s\u00e9culo X. Alguns dos pontos de interesse incluem a Igreja da Miseric\u00f3rdia, a est\u00e1tua de Nossa Senhora de Alva e as fontes de Amores e Santa Catarina.<\/p>\n\n<p>Para al\u00e9m da arquitetura e dos edif\u00edcios hist\u00f3ricos, encontrar\u00e1 tamb\u00e9m muitos restaurantes que servem o que a cidade \u00e9 famosa: batata-doce. N\u00e3o saia sem provar algumas deliciosas iguarias de batata-doce. Fa\u00e7a uma paragem para almo\u00e7o na id\u00edlica vila de Zambujeira do Mar, que possui praias fant\u00e1sticas, mas \u00e9 sobretudo conhecida pela atividade piscat\u00f3ria.<\/p>\n\n<h2 class=\"wp-block-heading\">#5: De Odeceixe at\u00e9 Lagos<\/h2>\n<noscript class=\"loading-lazy\">\n<figure class=\"wp-block-image size-large\"><img loading=\"lazy\" decoding=\"async\" width=\"1024\" height=\"625\" src=\"https:\/\/www.domitur.pt\/files\/uploads\/2019\/12\/costa-vicentina-1024x625.webp\" alt=\"\" class=\"wp-image-35209\" srcset=\"https:\/\/www.domitur.pt\/files\/uploads\/2019\/12\/costa-vicentina-1024x625.webp 1024w, https:\/\/www.domitur.pt\/files\/uploads\/2019\/12\/costa-vicentina-300x183.webp 300w, https:\/\/www.domitur.pt\/files\/uploads\/2019\/12\/costa-vicentina-768x468.webp 768w, https:\/\/www.domitur.pt\/files\/uploads\/2019\/12\/costa-vicentina-1536x937.webp 1536w, https:\/\/www.domitur.pt\/files\/uploads\/2019\/12\/costa-vicentina.webp 1920w\" sizes=\"auto, (max-width: 1024px) 100vw, 1024px\" \/><\/figure>\n<\/noscript>\n<div class=\"wp-block-kobu-custom-blocks-responsive-spacer responsive-spacer size-medium\"><\/div><br>\n\n<p>O percurso de 60 km leva-o at\u00e9 ao ponto mais sudoeste do Algarve. H\u00e1 muito para ver e fazer ao longo deste trajeto. A rota de Odeceixe at\u00e9 Lagos tem cerca de 60 km, e muitos passeios de bicicleta pela Costa Vicentina terminam em Lagos, onde os ciclistas podem explorar as praias e fazer passeios de barco para visitar as grutas que se estendem ao longo da costa junto \u00e0s praias de Lagos.<\/p>\n\n<p>Existem muitos locais para visitar e diversas formas de percorrer uma rota de bicicleta. A Costa Vicentina acolhe v\u00e1rios eventos de ciclismo ao longo das esta\u00e7\u00f5es. A regi\u00e3o est\u00e1 relativamente perto da cosmopolita Lisboa, mas suficientemente distante para oferecer a tranquilidade do campo do Algarve salgado e a calma de viver junto \u00e0 praia. Oferece uma variedade de op\u00e7\u00f5es e \u00e9 adequada para ciclistas de diferentes n\u00edveis de experi\u00eancia, desde iniciantes at\u00e9 profissionais. Os ciclistas mais apaixonados podem ter as melhores f\u00e9rias fazendo o que gostam, desfrutando do sol, pegando algumas boas ondas e saboreando excelente comida, vinhos regionais e cervejas.<\/p>\n\n<p>Viajar entre Lisboa e a Costa Vicentina \u00e9 f\u00e1cil. Existe transporte p\u00fablico que pode utilizar se optar por uma visita autoguiada. A forma mais pr\u00e1tica e conveniente de reservar um passeio de bicicleta \u00e9 reservar connosco, pois o transporte est\u00e1 organizado, a acomoda\u00e7\u00e3o e o percurso est\u00e3o planeados. Todo o apoio \u00e9 prestado durante o passeio, e haver\u00e1 tamb\u00e9m um carro de apoio.<\/p>\n","protected":false},"excerpt":{"rendered":"<p>O Algarve \u00e9 famoso pelas suas praias, fal\u00e9sias e pelo clima ensolarado. Existem v\u00e1rias formas de explorar esta regi\u00e3o do sul de Portugal, mas as [&hellip;]<\/p>\n","protected":false},"author":1,"featured_media":35869,"comment_status":"closed","ping_status":"closed","sticky":false,"template":"","format":"standard","meta":{"_acf_changed":false,"inline_featured_image":false,"footnotes":""},"categories":[48],"tags":[],"content_type":[24],"business_area":[25],"class_list":["post-35073","post","type-post","status-publish","format-standard","has-post-thumbnail","hentry","category-conheca-o-algarve","content_type-artigo","business_area-nature-tours"],"acf":[],"_links":{"self":[{"href":"https:\/\/www.domitur.pt\/pt-pt\/wp-json\/wp\/v2\/posts\/35073","targetHints":{"allow":["GET"]}}],"collection":[{"href":"https:\/\/www.domitur.pt\/pt-pt\/wp-json\/wp\/v2\/posts"}],"about":[{"href":"https:\/\/www.domitur.pt\/pt-pt\/wp-json\/wp\/v2\/types\/post"}],"author":[{"embeddable":true,"href":"https:\/\/www.domitur.pt\/pt-pt\/wp-json\/wp\/v2\/users\/1"}],"replies":[{"embeddable":true,"href":"https:\/\/www.domitur.pt\/pt-pt\/wp-json\/wp\/v2\/comments?post=35073"}],"version-history":[{"count":3,"href":"https:\/\/www.domitur.pt\/pt-pt\/wp-json\/wp\/v2\/posts\/35073\/revisions"}],"predecessor-version":[{"id":35471,"href":"https:\/\/www.domitur.pt\/pt-pt\/wp-json\/wp\/v2\/posts\/35073\/revisions\/35471"}],"wp:featuredmedia":[{"embeddable":true,"href":"https:\/\/www.domitur.pt\/pt-pt\/wp-json\/wp\/v2\/media\/35869"}],"wp:attachment":[{"href":"https:\/\/www.domitur.pt\/pt-pt\/wp-json\/wp\/v2\/media?parent=35073"}],"wp:term":[{"taxonomy":"category","embeddable":true,"href":"https:\/\/www.domitur.pt\/pt-pt\/wp-json\/wp\/v2\/categories?post=35073"},{"taxonomy":"post_tag","embeddable":true,"href":"https:\/\/www.domitur.pt\/pt-pt\/wp-json\/wp\/v2\/tags?post=35073"},{"taxonomy":"content_type","embeddable":true,"href":"https:\/\/www.domitur.pt\/pt-pt\/wp-json\/wp\/v2\/content_type?post=35073"},{"taxonomy":"business_area","embeddable":true,"href":"https:\/\/www.domitur.pt\/pt-pt\/wp-json\/wp\/v2\/business_area?post=35073"}],"curies":[{"name":"wp","href":"https:\/\/api.w.org\/{rel}","templated":true}]}}