{"id":35000,"date":"2022-05-11T11:37:15","date_gmt":"2022-05-11T11:37:15","guid":{"rendered":"https:\/\/www.domitur.pt\/uma-visita-a-mina-de-sal-gema-de-loule\/"},"modified":"2026-04-08T11:39:05","modified_gmt":"2026-04-08T11:39:05","slug":"uma-visita-a-mina-de-sal-gema-de-loule","status":"publish","type":"post","link":"https:\/\/www.domitur.pt\/pt-pt\/uma-visita-a-mina-de-sal-gema-de-loule\/","title":{"rendered":"Uma Visita \u00e0 Mina de Sal-Gema de Loul\u00e9"},"content":{"rendered":"\n<div class=\"wp-block-kobu-custom-blocks-responsive-spacer responsive-spacer size-large\"><\/div><br>\n\n<h2 class=\"wp-block-heading\">Uma visita \u00e0 Mina de Sal-Gema em Loul\u00e9<\/h2>\n\n<p>No centro de Loul\u00e9, numa rua residencial, somos surpreendidos por uma mina de sal-gema que tem sido explorada desde 1963.<br\/>Discreta \u00e0 superf\u00edcie, tudo o que vemos s\u00e3o dois po\u00e7os de elevador: um utilizado para pessoas e outro, localizado a cerca de 2 km, utilizado para transportar o sal at\u00e9 \u00e0 superf\u00edcie.<\/p>\n\n<p><strong>Em 2019, a mina abriu as portas ao turismo.<\/strong><\/p>\n\n<p>A explora\u00e7\u00e3o acontece a 230 metros de profundidade. Para aceder \u00e0 mina, somos equipados com colete amarelo, capacete e lanterna de mineiro. N\u00e3o porque a zona visit\u00e1vel n\u00e3o tenha ilumina\u00e7\u00e3o, mas por raz\u00f5es de seguran\u00e7a. Somos convidados a entrar num elevador rudimentar com capacidade para 4 a 5 pessoas, constru\u00eddo manualmente no in\u00edcio da explora\u00e7\u00e3o, e que demora cerca de 3 minutos a descer at\u00e9 \u00e0 galeria.<\/p>\n\n<p>J\u00e1 no interior percebemos que cheg\u00e1mos a um verdadeiro local de explora\u00e7\u00e3o viva dos recursos naturais. Num ambiente de trabalho escuro, ouvimos o intenso ru\u00eddo dos condutos de ventila\u00e7\u00e3o que renovam o ar a esta profundidade, sentimos o cheiro do \u00f3leo dos ve\u00edculos utilizados para transportar e extrair o sal e vemos toda a cablagem el\u00e9trica de alta tens\u00e3o. Rapidamente percebemos que, al\u00e9m dos mineiros, tamb\u00e9m s\u00e3o essenciais mec\u00e2nicos e eletricistas a trabalhar ali em baixo.<\/p>\n\n<p>Antes de entrarmos na primeira sala \u2014 o escrit\u00f3rio \u2014 o guia alerta-nos para a necessidade de circular sempre juntos. Existem mais de 45 km de galerias labir\u00ednticas, onde seria f\u00e1cil perdermo-nos se n\u00e3o acompanh\u00e1ssemos o grupo. Tamb\u00e9m nos mostra que todas as paredes e o ch\u00e3o que vemos s\u00e3o compostos por sal, cerca de 93%, misturado com outros minerais como gesso, argila e calc\u00e1rio.<\/p>\n\n<p>A 230 metros de profundidade, e cerca de 30 metros abaixo do n\u00edvel do mar, foi constru\u00eddo um escrit\u00f3rio onde se encontra o mapa das 45 km de galerias e um telefone com fio para comunica\u00e7\u00e3o com a superf\u00edcie. Ao longo dos anos foram feitas v\u00e1rias prospe\u00e7\u00f5es que revelaram a exist\u00eancia de mais n\u00edveis abaixo deste, onde tamb\u00e9m seria poss\u00edvel extrair sal. Assim, foi iniciado um segundo n\u00edvel de explora\u00e7\u00e3o, cerca de 30 metros abaixo do primeiro. No entanto, este n\u00edvel encontra-se inativo h\u00e1 v\u00e1rios anos. Os elevadores de transporte n\u00e3o chegam ao n\u00edvel 2 e, enquanto houver \u00e1rea dispon\u00edvel no primeiro n\u00edvel, n\u00e3o \u00e9 economicamente vi\u00e1vel explorar o segundo.<\/p>\n\n<h2 class=\"wp-block-heading\">Galeria Principal<\/h2>\n\n<p>A galeria principal da mina, que define os limites entre este e oeste, tem cerca de 4 km de comprimento. \u00c9 nesta extens\u00e3o que existe sal; para al\u00e9m dela, foram encontrados dep\u00f3sitos de gesso.<\/p>\n\n<p>O sal apresenta um aspeto rochoso e uma cor acastanhada devido \u00e0 mistura com outros minerais. Devido \u00e0 sua densidade \u2014 superior a 90% \u2014 n\u00e3o \u00e9 permitido para consumo humano, sendo utilizado principalmente para estradas e alimenta\u00e7\u00e3o animal.<\/p>\n\n<p>Inicialmente, a mina funcionava 24 horas por dia. Para abrir novas galerias eram utilizados explosivos. Pequenos furos eram perfurados nas paredes e preenchidos com explosivos, que eram detonados durante a noite. O sal ca\u00eda em grandes blocos de rocha, que depois eram carregados em cami\u00f5es e transportados para serem triturados.<\/p>\n\n<p>\u00c9 curioso perceber que todas as m\u00e1quinas existentes no interior da mina a 230 metros de profundidade \u2014 como cami\u00f5es, tratores ou cortadoras \u2014 tiveram de ser desmontadas \u00e0 superf\u00edcie e novamente montadas no interior pelos mec\u00e2nicos. Isto acontece porque a \u00fanica forma de acesso \u00e9 atrav\u00e9s dos po\u00e7os de elevador utilizados tamb\u00e9m pelos visitantes. Sempre que \u00e9 necess\u00e1rio enviar uma nova m\u00e1quina para o interior, os elevadores \u2014 originalmente constru\u00eddos pela equipa da mina \u2014 precisam de ser desmontados para que as pe\u00e7as possam descer por cabos.<\/p>\n\n<p>Trabalhar numa mina n\u00e3o \u00e9 f\u00e1cil. No entanto, o trabalho tornou-se mais simples em 1989, quando deixaram de usar explosivos e passaram a utilizar m\u00e1quinas de corte para extrair o sal.<\/p>\n\n<p>Desde ent\u00e3o, o n\u00famero de mineiros diminuiu e estas m\u00e1quinas passaram a remover o sal diretamente das paredes. Depois, os cami\u00f5es recolhem o sal e transportam-no para armazenamento ou para o po\u00e7o 2, onde existem elevadores totalmente fechados que levam o sal at\u00e9 \u00e0 superf\u00edcie.<\/p>\n\n<p>Atualmente, a mina funciona apenas por encomenda e extrai aproximadamente 10.000 toneladas de sal por ano. Isto n\u00e3o acontece por falta de procura, mas porque se tornou muito dispendioso transportar sal por via terrestre para os pa\u00edses n\u00f3rdicos.<\/p>\n\n<p>A visita tur\u00edstica percorre cerca de 1,5 km no interior da mina e tem uma dura\u00e7\u00e3o aproximada de 2 horas, desde o check-in at\u00e9 ao final. \u00c9 permitido tirar fotografias e at\u00e9 levar um pequeno peda\u00e7o de sal como recorda\u00e7\u00e3o.<\/p>\n\n<p>Se estiver no concelho de Loul\u00e9, esta \u00e9 uma visita que recomendamos, juntamente com os trilhos na Fonte da Ben\u00e9mola e na Rocha da Pena.<\/p>\n\n<p>Apoie o turismo local e ajude a promover um turismo sustent\u00e1vel!<\/p>\n\n<div class=\"wp-block-kobu-custom-blocks-responsive-spacer responsive-spacer size-large\"><\/div><br>\n\n<div class=\"wp-block-kobu-custom-blocks-slider-gallery alignextrawide\"><div class=\"slider-gallery gallery-container hidden with-pagination multiple\"><div class=\"gallery \" role=\"list\"><div class=\"slide\" role=\"listitem\"><div class=\"figure-wrapper\"><figure><img loading=\"lazy\" decoding=\"async\" width=\"800\" height=\"600\" class=\"wp-image-34735\" src=\"https:\/\/www.domitur.pt\/files\/uploads\/2022\/05\/salgema-1.jpg\" alt=\"\" sizes=\"auto, (min-width: 601px) 80vw, 100vw\" srcset=\"https:\/\/www.domitur.pt\/files\/uploads\/2022\/05\/salgema-1.jpg 800w, https:\/\/www.domitur.pt\/files\/uploads\/2022\/05\/salgema-1-300x225.jpg 300w, https:\/\/www.domitur.pt\/files\/uploads\/2022\/05\/salgema-1-768x576.jpg 768w\" \/><\/figure><\/div><\/div><div class=\"slide\" role=\"listitem\"><div class=\"figure-wrapper\"><figure><img loading=\"lazy\" decoding=\"async\" width=\"800\" height=\"600\" class=\"wp-image-34744\" src=\"https:\/\/www.domitur.pt\/files\/uploads\/2022\/05\/salgema-10.jpg\" alt=\"\" sizes=\"auto, (min-width: 601px) 80vw, 100vw\" srcset=\"https:\/\/www.domitur.pt\/files\/uploads\/2022\/05\/salgema-10.jpg 800w, https:\/\/www.domitur.pt\/files\/uploads\/2022\/05\/salgema-10-300x225.jpg 300w, https:\/\/www.domitur.pt\/files\/uploads\/2022\/05\/salgema-10-768x576.jpg 768w\" \/><\/figure><\/div><\/div><div class=\"slide\" role=\"listitem\"><div class=\"figure-wrapper\"><figure><img loading=\"lazy\" decoding=\"async\" width=\"800\" height=\"600\" class=\"wp-image-34743\" src=\"https:\/\/www.domitur.pt\/files\/uploads\/2022\/05\/salgema-9.jpg\" alt=\"\" sizes=\"auto, (min-width: 601px) 80vw, 100vw\" srcset=\"https:\/\/www.domitur.pt\/files\/uploads\/2022\/05\/salgema-9.jpg 800w, https:\/\/www.domitur.pt\/files\/uploads\/2022\/05\/salgema-9-300x225.jpg 300w, https:\/\/www.domitur.pt\/files\/uploads\/2022\/05\/salgema-9-768x576.jpg 768w\" \/><\/figure><\/div><\/div><div class=\"slide\" role=\"listitem\"><div class=\"figure-wrapper\"><figure><img loading=\"lazy\" decoding=\"async\" width=\"800\" height=\"600\" class=\"wp-image-34742\" src=\"https:\/\/www.domitur.pt\/files\/uploads\/2022\/05\/salgema-8.jpg\" alt=\"\" sizes=\"auto, (min-width: 601px) 80vw, 100vw\" srcset=\"https:\/\/www.domitur.pt\/files\/uploads\/2022\/05\/salgema-8.jpg 800w, https:\/\/www.domitur.pt\/files\/uploads\/2022\/05\/salgema-8-300x225.jpg 300w, https:\/\/www.domitur.pt\/files\/uploads\/2022\/05\/salgema-8-768x576.jpg 768w\" \/><\/figure><\/div><\/div><div class=\"slide\" role=\"listitem\"><div class=\"figure-wrapper\"><figure><img loading=\"lazy\" decoding=\"async\" width=\"800\" height=\"600\" class=\"wp-image-34741\" src=\"https:\/\/www.domitur.pt\/files\/uploads\/2022\/05\/salgema-7.jpg\" alt=\"\" sizes=\"auto, (min-width: 601px) 80vw, 100vw\" srcset=\"https:\/\/www.domitur.pt\/files\/uploads\/2022\/05\/salgema-7.jpg 800w, https:\/\/www.domitur.pt\/files\/uploads\/2022\/05\/salgema-7-300x225.jpg 300w, https:\/\/www.domitur.pt\/files\/uploads\/2022\/05\/salgema-7-768x576.jpg 768w\" \/><\/figure><\/div><\/div><div class=\"slide\" role=\"listitem\"><div class=\"figure-wrapper\"><figure><img loading=\"lazy\" decoding=\"async\" width=\"493\" height=\"370\" class=\"wp-image-34740\" src=\"https:\/\/www.domitur.pt\/files\/uploads\/2022\/05\/salgema-6.jpg\" alt=\"\" sizes=\"auto, (min-width: 601px) 80vw, 100vw\" srcset=\"https:\/\/www.domitur.pt\/files\/uploads\/2022\/05\/salgema-6.jpg 493w, https:\/\/www.domitur.pt\/files\/uploads\/2022\/05\/salgema-6-300x225.jpg 300w\" \/><\/figure><\/div><\/div><div class=\"slide\" role=\"listitem\"><div class=\"figure-wrapper\"><figure><img loading=\"lazy\" decoding=\"async\" width=\"800\" height=\"600\" class=\"wp-image-34739\" src=\"https:\/\/www.domitur.pt\/files\/uploads\/2022\/05\/salgema-5.jpg\" alt=\"\" sizes=\"auto, (min-width: 601px) 80vw, 100vw\" srcset=\"https:\/\/www.domitur.pt\/files\/uploads\/2022\/05\/salgema-5.jpg 800w, https:\/\/www.domitur.pt\/files\/uploads\/2022\/05\/salgema-5-300x225.jpg 300w, https:\/\/www.domitur.pt\/files\/uploads\/2022\/05\/salgema-5-768x576.jpg 768w\" \/><\/figure><\/div><\/div><div class=\"slide\" role=\"listitem\"><div class=\"figure-wrapper\"><figure><img loading=\"lazy\" decoding=\"async\" width=\"598\" height=\"449\" class=\"wp-image-34738\" src=\"https:\/\/www.domitur.pt\/files\/uploads\/2022\/05\/salgema-4.jpg\" alt=\"\" sizes=\"auto, (min-width: 601px) 80vw, 100vw\" srcset=\"https:\/\/www.domitur.pt\/files\/uploads\/2022\/05\/salgema-4.jpg 598w, https:\/\/www.domitur.pt\/files\/uploads\/2022\/05\/salgema-4-300x225.jpg 300w\" \/><\/figure><\/div><\/div><div class=\"slide\" role=\"listitem\"><div class=\"figure-wrapper\"><figure><img loading=\"lazy\" decoding=\"async\" width=\"800\" height=\"600\" class=\"wp-image-34737\" src=\"https:\/\/www.domitur.pt\/files\/uploads\/2022\/05\/salgema-3.jpg\" alt=\"\" sizes=\"auto, (min-width: 601px) 80vw, 100vw\" srcset=\"https:\/\/www.domitur.pt\/files\/uploads\/2022\/05\/salgema-3.jpg 800w, https:\/\/www.domitur.pt\/files\/uploads\/2022\/05\/salgema-3-300x225.jpg 300w, https:\/\/www.domitur.pt\/files\/uploads\/2022\/05\/salgema-3-768x576.jpg 768w\" \/><\/figure><\/div><\/div><div class=\"slide\" role=\"listitem\"><div class=\"figure-wrapper\"><figure><img loading=\"lazy\" decoding=\"async\" width=\"800\" height=\"600\" class=\"wp-image-34736\" src=\"https:\/\/www.domitur.pt\/files\/uploads\/2022\/05\/salgema-2.jpg\" alt=\"\" sizes=\"auto, (min-width: 601px) 80vw, 100vw\" srcset=\"https:\/\/www.domitur.pt\/files\/uploads\/2022\/05\/salgema-2.jpg 800w, https:\/\/www.domitur.pt\/files\/uploads\/2022\/05\/salgema-2-300x225.jpg 300w, https:\/\/www.domitur.pt\/files\/uploads\/2022\/05\/salgema-2-768x576.jpg 768w\" \/><\/figure><\/div><\/div><\/div><\/div><\/div><br>\n","protected":false},"excerpt":{"rendered":"<p>Uma visita \u00e0 Mina de Sal-Gema em Loul\u00e9 No centro de Loul\u00e9, numa rua residencial, somos surpreendidos por uma mina de sal-gema que tem sido [&hellip;]<\/p>\n","protected":false},"author":1,"featured_media":35900,"comment_status":"closed","ping_status":"open","sticky":false,"template":"","format":"standard","meta":{"_acf_changed":false,"inline_featured_image":false,"footnotes":""},"categories":[48],"tags":[59,60,61,62],"content_type":[24],"business_area":[25],"class_list":["post-35000","post","type-post","status-publish","format-standard","has-post-thumbnail","hentry","category-conheca-o-algarve","tag-industrial-tourism","tag-loule","tag-salt-mine","tag-travel","content_type-artigo","business_area-nature-tours"],"acf":[],"_links":{"self":[{"href":"https:\/\/www.domitur.pt\/pt-pt\/wp-json\/wp\/v2\/posts\/35000","targetHints":{"allow":["GET"]}}],"collection":[{"href":"https:\/\/www.domitur.pt\/pt-pt\/wp-json\/wp\/v2\/posts"}],"about":[{"href":"https:\/\/www.domitur.pt\/pt-pt\/wp-json\/wp\/v2\/types\/post"}],"author":[{"embeddable":true,"href":"https:\/\/www.domitur.pt\/pt-pt\/wp-json\/wp\/v2\/users\/1"}],"replies":[{"embeddable":true,"href":"https:\/\/www.domitur.pt\/pt-pt\/wp-json\/wp\/v2\/comments?post=35000"}],"version-history":[{"count":4,"href":"https:\/\/www.domitur.pt\/pt-pt\/wp-json\/wp\/v2\/posts\/35000\/revisions"}],"predecessor-version":[{"id":35962,"href":"https:\/\/www.domitur.pt\/pt-pt\/wp-json\/wp\/v2\/posts\/35000\/revisions\/35962"}],"wp:featuredmedia":[{"embeddable":true,"href":"https:\/\/www.domitur.pt\/pt-pt\/wp-json\/wp\/v2\/media\/35900"}],"wp:attachment":[{"href":"https:\/\/www.domitur.pt\/pt-pt\/wp-json\/wp\/v2\/media?parent=35000"}],"wp:term":[{"taxonomy":"category","embeddable":true,"href":"https:\/\/www.domitur.pt\/pt-pt\/wp-json\/wp\/v2\/categories?post=35000"},{"taxonomy":"post_tag","embeddable":true,"href":"https:\/\/www.domitur.pt\/pt-pt\/wp-json\/wp\/v2\/tags?post=35000"},{"taxonomy":"content_type","embeddable":true,"href":"https:\/\/www.domitur.pt\/pt-pt\/wp-json\/wp\/v2\/content_type?post=35000"},{"taxonomy":"business_area","embeddable":true,"href":"https:\/\/www.domitur.pt\/pt-pt\/wp-json\/wp\/v2\/business_area?post=35000"}],"curies":[{"name":"wp","href":"https:\/\/api.w.org\/{rel}","templated":true}]}}